{"id":911,"date":"2023-05-23T13:49:00","date_gmt":"2023-05-23T11:49:00","guid":{"rendered":"https:\/\/mswaldzell.at\/?p=911"},"modified":"2023-08-29T14:36:26","modified_gmt":"2023-08-29T12:36:26","slug":"schwimm-und-projekttage-1-klassen","status":"publish","type":"post","link":"https:\/\/mswaldzell.at\/?p=911","title":{"rendered":"Schwimm- und Projekttage 1.Klassen                                  09.-12.05. 2023"},"content":{"rendered":"\n<div class=\"alignnormal\"><div id=\"metaslider-id-913\" style=\"width: 100%;\" class=\"ml-slider-3-99-0 metaslider metaslider-nivo metaslider-913 ml-slider ms-theme-default\" role=\"region\" aria-label=\"Schwimmwoche\" data-width=\"700\">\n    <div id=\"metaslider_container_913\">\n        <div class='slider-wrapper theme-default'><div class='ribbon'><\/div><div id='metaslider_913' class='nivoSlider'><img loading=\"lazy\" decoding=\"async\" src=\"https:\/\/mswaldzell.at\/wp-content\/uploads\/2023\/06\/IMG_20230511_102734-2-scaled-700x480.jpg\" height=\"480\" width=\"700\" title=\"IMG_20230511_102734 (2)\" alt=\"\" class=\"slider-913 slide-939 msDefaultImage\" \/><img loading=\"lazy\" decoding=\"async\" src=\"https:\/\/mswaldzell.at\/wp-content\/uploads\/2023\/06\/IMG_20230512_110809-1-scaled-700x480.jpg\" height=\"480\" width=\"700\" title=\"IMG_20230512_110809\" alt=\"\" class=\"slider-913 slide-940 msDefaultImage\" \/><img loading=\"lazy\" decoding=\"async\" src=\"https:\/\/mswaldzell.at\/wp-content\/uploads\/2023\/06\/IMG_20230509_150851-2-scaled-700x480.jpg\" height=\"480\" width=\"700\" title=\"IMG_20230509_150851 (2)\" alt=\"\" class=\"slider-913 slide-941 msDefaultImage\" \/><img loading=\"lazy\" decoding=\"async\" src=\"https:\/\/mswaldzell.at\/wp-content\/uploads\/2023\/06\/IMG_20230509_150735-2-scaled-700x480.jpg\" height=\"480\" width=\"700\" title=\"IMG_20230509_150735 (2)\" alt=\"\" class=\"slider-913 slide-957 msDefaultImage\" \/><img loading=\"lazy\" decoding=\"async\" src=\"https:\/\/mswaldzell.at\/wp-content\/uploads\/2023\/06\/IMG_20230509_150934-scaled-700x480.jpg\" height=\"480\" width=\"700\" title=\"IMG_20230509_150934\" alt=\"\" class=\"slider-913 slide-956 msDefaultImage\" \/><img loading=\"lazy\" decoding=\"async\" src=\"https:\/\/mswaldzell.at\/wp-content\/uploads\/2023\/06\/IMG_20230509_150729-scaled-700x480.jpg\" height=\"480\" width=\"700\" title=\"IMG_20230509_150729\" alt=\"\" class=\"slider-913 slide-955 msDefaultImage\" \/><img loading=\"lazy\" decoding=\"async\" src=\"https:\/\/mswaldzell.at\/wp-content\/uploads\/2023\/06\/20230510_133457-700x480.jpg\" height=\"480\" width=\"700\" title=\"20230510_133457\" alt=\"\" class=\"slider-913 slide-927 msDefaultImage\" \/><img loading=\"lazy\" decoding=\"async\" src=\"https:\/\/mswaldzell.at\/wp-content\/uploads\/2023\/06\/20230509_193047-scaled-700x480.jpg\" height=\"480\" width=\"700\" title=\"20230509_193047\" alt=\"\" class=\"slider-913 slide-928 msDefaultImage\" \/><img loading=\"lazy\" decoding=\"async\" src=\"https:\/\/mswaldzell.at\/wp-content\/uploads\/2023\/06\/IMG_20230510_194241-3-scaled-700x480.jpg\" height=\"480\" width=\"700\" title=\"IMG_20230510_194241 (3)\" alt=\"\" class=\"slider-913 slide-944 msDefaultImage\" \/><img loading=\"lazy\" decoding=\"async\" src=\"https:\/\/mswaldzell.at\/wp-content\/uploads\/2023\/06\/IMG_20230511_200740-scaled-700x480.jpg\" height=\"480\" width=\"700\" title=\"IMG_20230511_200740\" alt=\"\" class=\"slider-913 slide-945 msDefaultImage\" \/><img loading=\"lazy\" decoding=\"async\" src=\"https:\/\/mswaldzell.at\/wp-content\/uploads\/2023\/06\/IMG_20230511_202219-2-scaled-700x480.jpg\" height=\"480\" width=\"700\" title=\"IMG_20230511_202219 (2)\" alt=\"\" class=\"slider-913 slide-929 msDefaultImage\" \/><\/div><\/div>\n        \n    <\/div>\n<\/div><\/div>\n\n\n\n<p>F\u00fcr die 1.Klassen ging es auch heuer wieder nach Losenstein. Dort verbrachten die Sch\u00fcler:innen sportlich intensive, aber auch lustige Tage im Hallenbad, um ihre Schwimmf\u00e4higkeiten zu verbessern. Neben den Trainingsstunden im k\u00fchlen Nass wurde auch bei kreativen Teamspielen das Gebiet um den Nationalpark Kalkalpen erkundet. Ein Highlight, die Zaubervorstellung von MAGIC NESTI,  rundete die gelungenen Projekttage ab.   <br><br>Das Wichtigste zum Schluss: Alle Sch\u00fcler:innen d\u00fcrfen sich \u00fcber die erfolgreich bestandenen Schwimmpr\u00fcfungen freuen!<\/p>\n","protected":false},"excerpt":{"rendered":"<p>F\u00fcr die 1.Klassen ging es auch heuer wieder nach Losenstein. Dort verbrachten die Sch\u00fcler:innen sportlich intensive, aber auch lustige Tage im Hallenbad, um ihre Schwimmf\u00e4higkeiten zu verbessern. Neben den Trainingsstunden im k\u00fchlen Nass wurde auch bei kreativen Teamspielen das Gebiet um den Nationalpark Kalkalpen erkundet. Ein Highlight, die Zaubervorstellung von MAGIC NESTI, rundete die gelungenen [&hellip;]<\/p>\n","protected":false},"author":1,"featured_media":0,"comment_status":"closed","ping_status":"closed","sticky":false,"template":"","format":"standard","meta":{"advgb_blocks_editor_width":"","advgb_blocks_columns_visual_guide":"","footnotes":""},"categories":[1],"tags":[],"class_list":["post-911","post","type-post","status-publish","format-standard","hentry","category-uncategorized"],"author_meta":{"display_name":"admin","author_link":"https:\/\/mswaldzell.at\/?author=1"},"featured_img":null,"coauthors":[],"tax_additional":{"categories":{"linked":["<a href=\"https:\/\/mswaldzell.at\/?cat=1\" class=\"advgb-post-tax-term\">Uncategorized<\/a>"],"unlinked":["<span class=\"advgb-post-tax-term\">Uncategorized<\/span>"]}},"comment_count":"0","relative_dates":{"created":"Posted 3\u00a0Jahren ago","modified":"Updated 3\u00a0Jahren ago"},"absolute_dates":{"created":"Posted on 23. Mai 2023","modified":"Updated on 29. August 2023"},"absolute_dates_time":{"created":"Posted on 23. Mai 2023 13:49","modified":"Updated on 29. August 2023 14:36"},"featured_img_caption":"","series_order":"","_links":{"self":[{"href":"https:\/\/mswaldzell.at\/index.php?rest_route=\/wp\/v2\/posts\/911","targetHints":{"allow":["GET"]}}],"collection":[{"href":"https:\/\/mswaldzell.at\/index.php?rest_route=\/wp\/v2\/posts"}],"about":[{"href":"https:\/\/mswaldzell.at\/index.php?rest_route=\/wp\/v2\/types\/post"}],"author":[{"embeddable":true,"href":"https:\/\/mswaldzell.at\/index.php?rest_route=\/wp\/v2\/users\/1"}],"replies":[{"embeddable":true,"href":"https:\/\/mswaldzell.at\/index.php?rest_route=%2Fwp%2Fv2%2Fcomments&post=911"}],"version-history":[{"count":9,"href":"https:\/\/mswaldzell.at\/index.php?rest_route=\/wp\/v2\/posts\/911\/revisions"}],"predecessor-version":[{"id":4301,"href":"https:\/\/mswaldzell.at\/index.php?rest_route=\/wp\/v2\/posts\/911\/revisions\/4301"}],"wp:attachment":[{"href":"https:\/\/mswaldzell.at\/index.php?rest_route=%2Fwp%2Fv2%2Fmedia&parent=911"}],"wp:term":[{"taxonomy":"category","embeddable":true,"href":"https:\/\/mswaldzell.at\/index.php?rest_route=%2Fwp%2Fv2%2Fcategories&post=911"},{"taxonomy":"post_tag","embeddable":true,"href":"https:\/\/mswaldzell.at\/index.php?rest_route=%2Fwp%2Fv2%2Ftags&post=911"}],"curies":[{"name":"wp","href":"https:\/\/api.w.org\/{rel}","templated":true}]}}