{"id":2993,"date":"2025-05-21T16:42:21","date_gmt":"2025-05-21T14:42:21","guid":{"rendered":"https:\/\/mswaldzell.at\/?p=2993"},"modified":"2025-05-26T12:00:36","modified_gmt":"2025-05-26T10:00:36","slug":"werkstatt-fuer-demokratie_3b_besuch-im-landtag","status":"publish","type":"post","link":"https:\/\/mswaldzell.at\/?p=2993","title":{"rendered":"WERKSTATT F\u00dcR DEMOKRATIE&#8211;3b_03_02_2025"},"content":{"rendered":"\n<p><\/p>\n\n\n\n<div class=\"alignnormal\"><div id=\"metaslider-id-3006\" style=\"width: 100%;\" class=\"ml-slider-3-99-0 metaslider metaslider-flex metaslider-3006 ml-slider ms-theme-default-base has-dots-nav\" role=\"region\" aria-label=\"3b im Landtag\" data-width=\"700\">\n    <div id=\"metaslider_container_3006\">\n        <div id=\"metaslider_3006\">\n            <ul class='slides'>\n                <li style=\"display: block; width: 100%;\" class=\"slide-3007 ms-image \" aria-roledescription=\"slide\" data-date=\"2025-05-02 10:25:55\"><img loading=\"lazy\" decoding=\"async\" src=\"https:\/\/mswaldzell.at\/wp-content\/uploads\/2025\/05\/IMG_20250203_143051-scaled-e1746175537810-429x245.jpg\" height=\"400\" width=\"700\" alt=\"\" class=\"slider-3006 slide-3007 msDefaultImage\" title=\"IMG_20250203_143051\" \/><\/li>\n                <li style=\"display: none; width: 100%;\" class=\"slide-3008 ms-image \" aria-roledescription=\"slide\" data-date=\"2025-05-02 10:25:55\"><img loading=\"lazy\" decoding=\"async\" src=\"https:\/\/mswaldzell.at\/wp-content\/uploads\/2025\/05\/IMG_20250203_143037-scaled-e1746166062666-700x400.jpg\" height=\"400\" width=\"700\" alt=\"\" class=\"slider-3006 slide-3008 msDefaultImage\" title=\"IMG_20250203_143037\" \/><\/li>\n                <li style=\"display: none; width: 100%;\" class=\"slide-3009 ms-image \" aria-roledescription=\"slide\" data-date=\"2025-05-02 10:25:55\"><img loading=\"lazy\" decoding=\"async\" src=\"https:\/\/mswaldzell.at\/wp-content\/uploads\/2025\/05\/IMG_20250203_143014-scaled-700x400.jpg\" height=\"400\" width=\"700\" alt=\"\" class=\"slider-3006 slide-3009 msDefaultImage\" title=\"IMG_20250203_143014\" \/><\/li>\n                <li style=\"display: none; width: 100%;\" class=\"slide-3010 ms-image \" aria-roledescription=\"slide\" data-date=\"2025-05-02 10:25:55\"><img loading=\"lazy\" decoding=\"async\" src=\"https:\/\/mswaldzell.at\/wp-content\/uploads\/2025\/05\/IMG_20250203_134427-scaled-e1746175967771-700x400.jpg\" height=\"400\" width=\"700\" alt=\"\" class=\"slider-3006 slide-3010 msDefaultImage\" title=\"rbt\" \/><div class=\"caption-wrap\"><div class=\"caption\">rbt<\/div><\/div><\/li>\n                <li style=\"display: none; width: 100%;\" class=\"slide-3012 ms-image \" aria-roledescription=\"slide\" data-date=\"2025-05-02 10:25:55\"><img loading=\"lazy\" decoding=\"async\" src=\"https:\/\/mswaldzell.at\/wp-content\/uploads\/2025\/05\/IMG_20250203_144615-scaled-e1746166114193-700x400.jpg\" height=\"400\" width=\"700\" alt=\"\" class=\"slider-3006 slide-3012 msDefaultImage\" title=\"IMG_20250203_144615\" \/><\/li>\n                <li style=\"display: none; width: 100%;\" class=\"slide-3014 ms-image \" aria-roledescription=\"slide\" data-date=\"2025-05-02 10:25:55\"><img loading=\"lazy\" decoding=\"async\" src=\"https:\/\/mswaldzell.at\/wp-content\/uploads\/2025\/05\/IMG_20250203_150525-scaled-e1746174152207-700x400.jpg\" height=\"400\" width=\"700\" alt=\"\" class=\"slider-3006 slide-3014 msDefaultImage\" title=\"IMG_20250203_150525\" \/><\/li>\n                <li style=\"display: none; width: 100%;\" class=\"slide-3015 ms-image \" aria-roledescription=\"slide\" data-date=\"2025-05-02 10:25:56\"><img loading=\"lazy\" decoding=\"async\" src=\"https:\/\/mswaldzell.at\/wp-content\/uploads\/2025\/05\/IMG_20250203_152706-scaled-e1746174205357-700x400.jpg\" height=\"400\" width=\"700\" alt=\"\" class=\"slider-3006 slide-3015 msDefaultImage\" title=\"IMG_20250203_152706\" \/><\/li>\n                <li style=\"display: none; width: 100%;\" class=\"slide-3016 ms-image \" aria-roledescription=\"slide\" data-date=\"2025-05-02 10:25:56\"><img loading=\"lazy\" decoding=\"async\" src=\"https:\/\/mswaldzell.at\/wp-content\/uploads\/2025\/05\/IMG_20250203_145025-scaled-700x400.jpg\" height=\"400\" width=\"700\" alt=\"\" class=\"slider-3006 slide-3016 msDefaultImage\" title=\"IMG_20250203_145025\" \/><\/li>\n                <li style=\"display: none; width: 100%;\" class=\"slide-3017 ms-image \" aria-roledescription=\"slide\" data-date=\"2025-05-02 10:25:56\"><img loading=\"lazy\" decoding=\"async\" src=\"https:\/\/mswaldzell.at\/wp-content\/uploads\/2025\/05\/IMG_20250203_170956-scaled-e1746174248302-700x400.jpg\" height=\"400\" width=\"700\" alt=\"\" class=\"slider-3006 slide-3017 msDefaultImage\" title=\"IMG_20250203_170956\" \/><\/li>\n            <\/ul>\n        <\/div>\n        \n    <\/div>\n<\/div><\/div>\n\n\n\n<p><\/p>\n\n\n\n<p>W\u00e4hlen und aktive Mitbeteiligung auf allen politischen Ebenen sind wesentliche Voraussetzungen f\u00fcr eine funktionierende Demokratie. <br>Die 3b durfte am 3. Februar im Rahmen des speziell f\u00fcr Jugendliche entwickelten Workshops \u201eDemokratie in Ober\u00f6sterreich\u201c <br>einen spannenden und informationsreichen Tag im O\u00d6 Landtag verbringen. <\/p>\n\n\n\n<p>Ziel war nicht nur ein besseres Verst\u00e4ndnis f\u00fcr die Strukturen der Demokratie zu erlangen, sondern auch neue Erkenntnisse im Bereich mediale Berichterstattung zu gewinnen.<\/p>\n\n\n\n<p>Drei Landtagsabgeordnete, Hr. Thomas Dim (FP\u00d6), Hr. Severin Mayr (Gr\u00fcne) und\u00a0Hr. Anton Froschauer\u00a0(\u00d6VP), gew\u00e4hrten in den von den Sch\u00fclern und Sch\u00fclerinnen vorbereiteten Interviews Einblicke in ihre Arbeit als Politiker. <br><\/p>\n\n\n\n<p><\/p>\n\n\n\n<p><a href=\"https:\/\/www.land-oberoesterreich.gv.at\/540975.htm\">https:\/\/www.land-oberoesterreich.gv.at\/540975.htm<\/a>\u00a0\u00a0 (Video Nr 89 &#8211; MS Waldzell vom 3. Februar 2025 anklicken) <\/p>\n","protected":false},"excerpt":{"rendered":"<p>W\u00e4hlen und aktive Mitbeteiligung auf allen politischen Ebenen sind wesentliche Voraussetzungen f\u00fcr eine funktionierende Demokratie. Die 3b durfte am 3. Februar im Rahmen des speziell f\u00fcr Jugendliche entwickelten Workshops \u201eDemokratie in Ober\u00f6sterreich\u201c einen spannenden und informationsreichen Tag im O\u00d6 Landtag verbringen. Ziel war nicht nur ein besseres Verst\u00e4ndnis f\u00fcr die Strukturen der Demokratie zu erlangen, [&hellip;]<\/p>\n","protected":false},"author":1,"featured_media":0,"comment_status":"closed","ping_status":"closed","sticky":false,"template":"","format":"standard","meta":{"advgb_blocks_editor_width":"","advgb_blocks_columns_visual_guide":"","footnotes":""},"categories":[1],"tags":[],"class_list":["post-2993","post","type-post","status-publish","format-standard","hentry","category-uncategorized"],"author_meta":{"display_name":"admin","author_link":"https:\/\/mswaldzell.at\/?author=1"},"featured_img":null,"coauthors":[],"tax_additional":{"categories":{"linked":["<a href=\"https:\/\/mswaldzell.at\/?cat=1\" class=\"advgb-post-tax-term\">Uncategorized<\/a>"],"unlinked":["<span class=\"advgb-post-tax-term\">Uncategorized<\/span>"]}},"comment_count":"0","relative_dates":{"created":"Posted 12\u00a0Monaten ago","modified":"Updated 11\u00a0Monaten ago"},"absolute_dates":{"created":"Posted on 21. Mai 2025","modified":"Updated on 26. Mai 2025"},"absolute_dates_time":{"created":"Posted on 21. Mai 2025 16:42","modified":"Updated on 26. Mai 2025 12:00"},"featured_img_caption":"","series_order":"","_links":{"self":[{"href":"https:\/\/mswaldzell.at\/index.php?rest_route=\/wp\/v2\/posts\/2993","targetHints":{"allow":["GET"]}}],"collection":[{"href":"https:\/\/mswaldzell.at\/index.php?rest_route=\/wp\/v2\/posts"}],"about":[{"href":"https:\/\/mswaldzell.at\/index.php?rest_route=\/wp\/v2\/types\/post"}],"author":[{"embeddable":true,"href":"https:\/\/mswaldzell.at\/index.php?rest_route=\/wp\/v2\/users\/1"}],"replies":[{"embeddable":true,"href":"https:\/\/mswaldzell.at\/index.php?rest_route=%2Fwp%2Fv2%2Fcomments&post=2993"}],"version-history":[{"count":5,"href":"https:\/\/mswaldzell.at\/index.php?rest_route=\/wp\/v2\/posts\/2993\/revisions"}],"predecessor-version":[{"id":3064,"href":"https:\/\/mswaldzell.at\/index.php?rest_route=\/wp\/v2\/posts\/2993\/revisions\/3064"}],"wp:attachment":[{"href":"https:\/\/mswaldzell.at\/index.php?rest_route=%2Fwp%2Fv2%2Fmedia&parent=2993"}],"wp:term":[{"taxonomy":"category","embeddable":true,"href":"https:\/\/mswaldzell.at\/index.php?rest_route=%2Fwp%2Fv2%2Fcategories&post=2993"},{"taxonomy":"post_tag","embeddable":true,"href":"https:\/\/mswaldzell.at\/index.php?rest_route=%2Fwp%2Fv2%2Ftags&post=2993"}],"curies":[{"name":"wp","href":"https:\/\/api.w.org\/{rel}","templated":true}]}}