{"id":1396,"date":"2024-03-20T20:03:11","date_gmt":"2024-03-20T19:03:11","guid":{"rendered":"https:\/\/mswaldzell.at\/?p=1396"},"modified":"2024-03-24T09:33:45","modified_gmt":"2024-03-24T08:33:45","slug":"medienkunde_umgekehrte-rollen_februar_2024","status":"publish","type":"post","link":"https:\/\/mswaldzell.at\/?p=1396","title":{"rendered":"MEDIENKUNDE_UMGEKEHRTE ROLLEN_07_02_2024"},"content":{"rendered":"\r\n<figure class=\"wp-block-image size-full\"><img loading=\"lazy\" decoding=\"async\" width=\"964\" height=\"542\" class=\"wp-image-1397\" src=\"https:\/\/mswaldzell.at\/wp-content\/uploads\/2024\/03\/OOeN.jpg\" alt=\"\" srcset=\"https:\/\/mswaldzell.at\/wp-content\/uploads\/2024\/03\/OOeN.jpg 964w, https:\/\/mswaldzell.at\/wp-content\/uploads\/2024\/03\/OOeN-300x169.jpg 300w, https:\/\/mswaldzell.at\/wp-content\/uploads\/2024\/03\/OOeN-768x432.jpg 768w\" sizes=\"auto, (max-width: 964px) 100vw, 964px\" \/><\/figure>\r\n\r\n\r\n\r\n<p>&nbsp;<\/p>\r\n\r\n\r\n\r\n<p>Seit drei Wochen besch\u00e4ftigen sich die Sch\u00fcler der 3a-Klasse der Mittelschule Waldzell mit dem Thema Journalismus \u2013 Schwerpunkt: Tageszeitungen. Dabei steht auch die fast t\u00e4gliche Lekt\u00fcre der Ober\u00f6sterreichischen Nachrichten im Deutschunterricht auf dem Programm. Gestern besuchte O\u00d6N-Redakteur Thomas Streif die Klasse, um in zwei Unterrichtseinheiten \u00fcber seinen Arbeitsalltag zu erz\u00e4hlen und die vielen Fragen der Sch\u00fcler zu beantworten.<\/p>\r\n\r\n\r\n\r\n<p>Dieser im Workshop gemeinsam mit dem Redakteur verfasste Beitrag wurde am 08.03.2024 zur Freude der Sch\u00fcler:innen <br \/>in den O\u00d6N ver\u00f6ffentlicht.<\/p>\r\n","protected":false},"excerpt":{"rendered":"<p>&nbsp; Seit drei Wochen besch\u00e4ftigen sich die Sch\u00fcler der 3a-Klasse der Mittelschule Waldzell mit dem Thema Journalismus \u2013 Schwerpunkt: Tageszeitungen. Dabei steht auch die fast t\u00e4gliche Lekt\u00fcre der Ober\u00f6sterreichischen Nachrichten im Deutschunterricht auf dem Programm. Gestern besuchte O\u00d6N-Redakteur Thomas Streif die Klasse, um in zwei Unterrichtseinheiten \u00fcber seinen Arbeitsalltag zu erz\u00e4hlen und die vielen Fragen [&hellip;]<\/p>\n","protected":false},"author":1,"featured_media":0,"comment_status":"closed","ping_status":"closed","sticky":false,"template":"","format":"standard","meta":{"advgb_blocks_editor_width":"","advgb_blocks_columns_visual_guide":"","footnotes":""},"categories":[1],"tags":[],"class_list":["post-1396","post","type-post","status-publish","format-standard","hentry","category-uncategorized"],"author_meta":{"display_name":"admin","author_link":"https:\/\/mswaldzell.at\/?author=1"},"featured_img":null,"coauthors":[],"tax_additional":{"categories":{"linked":["<a href=\"https:\/\/mswaldzell.at\/?cat=1\" class=\"advgb-post-tax-term\">Uncategorized<\/a>"],"unlinked":["<span class=\"advgb-post-tax-term\">Uncategorized<\/span>"]}},"comment_count":"0","relative_dates":{"created":"Posted 2\u00a0Jahren ago","modified":"Updated 2\u00a0Jahren ago"},"absolute_dates":{"created":"Posted on 20. M\u00e4rz 2024","modified":"Updated on 24. M\u00e4rz 2024"},"absolute_dates_time":{"created":"Posted on 20. M\u00e4rz 2024 20:03","modified":"Updated on 24. M\u00e4rz 2024 9:33"},"featured_img_caption":"","series_order":"","_links":{"self":[{"href":"https:\/\/mswaldzell.at\/index.php?rest_route=\/wp\/v2\/posts\/1396","targetHints":{"allow":["GET"]}}],"collection":[{"href":"https:\/\/mswaldzell.at\/index.php?rest_route=\/wp\/v2\/posts"}],"about":[{"href":"https:\/\/mswaldzell.at\/index.php?rest_route=\/wp\/v2\/types\/post"}],"author":[{"embeddable":true,"href":"https:\/\/mswaldzell.at\/index.php?rest_route=\/wp\/v2\/users\/1"}],"replies":[{"embeddable":true,"href":"https:\/\/mswaldzell.at\/index.php?rest_route=%2Fwp%2Fv2%2Fcomments&post=1396"}],"version-history":[{"count":6,"href":"https:\/\/mswaldzell.at\/index.php?rest_route=\/wp\/v2\/posts\/1396\/revisions"}],"predecessor-version":[{"id":1522,"href":"https:\/\/mswaldzell.at\/index.php?rest_route=\/wp\/v2\/posts\/1396\/revisions\/1522"}],"wp:attachment":[{"href":"https:\/\/mswaldzell.at\/index.php?rest_route=%2Fwp%2Fv2%2Fmedia&parent=1396"}],"wp:term":[{"taxonomy":"category","embeddable":true,"href":"https:\/\/mswaldzell.at\/index.php?rest_route=%2Fwp%2Fv2%2Fcategories&post=1396"},{"taxonomy":"post_tag","embeddable":true,"href":"https:\/\/mswaldzell.at\/index.php?rest_route=%2Fwp%2Fv2%2Ftags&post=1396"}],"curies":[{"name":"wp","href":"https:\/\/api.w.org\/{rel}","templated":true}]}}